{"id":305,"date":"2025-08-18T12:58:00","date_gmt":"2025-08-18T16:58:00","guid":{"rendered":"https:\/\/www.ale.com.do\/?p=305"},"modified":"2025-09-19T01:48:30","modified_gmt":"2025-09-19T05:48:30","slug":"scania-y-jose-maria-duran-75-anos-de-alianza-y-liderazgo","status":"publish","type":"post","link":"https:\/\/www.ale.com.do\/index.php\/2025\/08\/18\/scania-y-jose-maria-duran-75-anos-de-alianza-y-liderazgo\/","title":{"rendered":"Scania y Jos\u00e9 Mar\u00eda Dur\u00e1n: 75 a\u00f1os de alianza y liderazgo"},"content":{"rendered":"\n<p>Scania celebra su presencia por m\u00e1s de siete d\u00e9cadas en el mercado uruguayo de la mano de Jos\u00e9 Mar\u00eda Dur\u00e1n SA, impulsando un transporte profesional m\u00e1s eficiente y sostenible<\/p>\n\n\n\n<p><\/p>\n\n\n\n<p>En 2025, la empresa uruguaya Jos\u00e9 Mar\u00eda Dur\u00e1n SA, con m\u00e1s de 115 a\u00f1os de trayectoria, y representante exclusivo de Scania en el pa\u00eds, celebra 75 a\u00f1os de una alianza que ha marcado un antes y un despu\u00e9s en el transporte profesional de carga y pasajeros. Se trata del distribuidor independiente m\u00e1s antiguo del mundo de la marca sueca, una relaci\u00f3n ininterrumpida que combina orgullo, compromiso y un desaf\u00edo constante: liderar el cambio hacia un sistema de transporte m\u00e1s sustentable.<\/p>\n\n\n\n<p>Para Federico Ant\u00fanez da Gra\u00e7a, gerente general de Jos\u00e9 Mar\u00eda Dur\u00e1n SA, el aniversario significa \u201cun orgullo enorme de tener la oportunidad de representar en un mercado tan competitivo como el uruguayo una marca premium como Scania\u201d y, a la vez, \u201cuna responsabilidad enorme, porque Scania siempre ha liderado el transporte profesional\u201d. Este liderazgo, explica, ahora enfrenta un nuevo reto: transformar el sector hacia soluciones m\u00e1s amigables con el medio ambiente. \u201cEstamos obligados a ser parte de ese cambio, por nuestros valores y nuestra forma de trabajar d\u00eda a d\u00eda junto a los clientes\u201d.<\/p>\n\n\n\n<p>La estrategia que ha mantenido a Dur\u00e1n entre los l\u00edderes del mercado se apoya en un modelo claro: poner al cliente en el centro. Ese enfoque se sostiene en valores que han acompa\u00f1ado a la empresa a lo largo de su historia. El primero es considerar que el \u00e9xito de la compa\u00f1\u00eda depende del \u00e9xito de sus clientes, buscando siempre mejorar su rentabilidad a trav\u00e9s de un profundo conocimiento de sus negocios. Tambi\u00e9n se prioriza el trabajo en equipo, promoviendo la participaci\u00f3n, el cuidado, la seguridad y la salud de los colaboradores. La autenticidad es otro pilar, actuando con integridad, honestidad y transparencia para mantener la confianza. A ello se suma la determinaci\u00f3n para innovar sin temor al fracaso, manteniendo una visi\u00f3n global sin descuidar los detalles, y el compromiso de cumplir las promesas de forma confiable. Finalmente, la mejora continua gu\u00eda cada acci\u00f3n, optimizando procesos y recursos con foco en el desempe\u00f1o ambiental y la seguridad de las personas.<\/p>\n\n\n\n<p>En un contexto en el que se debate sobre tecnolog\u00edas el\u00e9ctricas o de hidr\u00f3geno, Scania lanz\u00f3 en Uruguay su nueva gama Scania Super, que incluye motor, cajas de cambios y diferenciales completamente nuevos. Seg\u00fan Ant\u00fanez, se trata de \u201cel cami\u00f3n m\u00e1s eficiente del mundo\u201d, una soluci\u00f3n pensada para reducir el consumo de combustible y las emisiones mientras las nuevas tecnolog\u00edas terminan de madurar. \u201cSabemos que la electrificaci\u00f3n masiva llevar\u00e1 a\u00f1os, por eso este es un paso intermedio hacia un transporte m\u00e1s sustentable\u201d, explica.<\/p>\n\n\n\n<div class=\"wp-block-stackable-image stk-block-image stk-block stk-ce2019b\" data-block-id=\"ce2019b\"><figure><span class=\"stk-img-wrapper stk-image--shape-stretch\"><img loading=\"lazy\" decoding=\"async\" class=\"stk-img wp-image-308\" src=\"https:\/\/www.ale.com.do\/wp-content\/uploads\/2025\/09\/Scania.jpg\" width=\"1000\" height=\"666\" srcset=\"https:\/\/www.ale.com.do\/wp-content\/uploads\/2025\/09\/Scania.jpg 1000w, https:\/\/www.ale.com.do\/wp-content\/uploads\/2025\/09\/Scania-300x200.jpg 300w, https:\/\/www.ale.com.do\/wp-content\/uploads\/2025\/09\/Scania-768x511.jpg 768w\" sizes=\"(max-width: 1000px) 100vw, 1000px\" \/><\/span><\/figure><\/div>\n\n\n\n<p><\/p>\n\n\n\n<p>El transporte pesado enfrenta hoy dos grandes retos: lograr que las soluciones bajas en emisiones sean tambi\u00e9n econ\u00f3micamente viables y contar con la infraestructura necesaria para que puedan aplicarse a gran escala. En este sentido, Scania complementa sus avances con alternativas como el gas \u2014GNC, GNL o biometano\u2014 que permiten reducciones de emisiones de hasta un 90%, con requerimientos de infraestructura mucho menores.<\/p>\n\n\n\n<p>Quien se acerca a Scania no lo hace por la menor inversi\u00f3n inicial, sino por el menor costo operativo y la mayor disponibilidad de las unidades. Esto implica desde eficiencia en combustible hasta una completa oferta de servicios posventa: asistencia en ruta 24 horas, repuestos con atenci\u00f3n continua, talleres con horario extendido, mantenimiento flexible y herramientas de gesti\u00f3n de flotas en tiempo real. \u201cNo vendemos el cami\u00f3n m\u00e1s barato, sino el que m\u00e1s valor genera en el tiempo\u201d, subraya Ant\u00fanez.<\/p>\n\n\n\n<p>En un mercado cada vez m\u00e1s atomizado, la clave para Dur\u00e1n es la cercan\u00eda con los clientes. La empresa ha atravesado junto a ellos ciclos de crecimiento y recesi\u00f3n, ofreciendo apoyo incluso en momentos dif\u00edciles. \u201cEsa historia compartida es parte de nuestra fortaleza. Creemos que nuestro valor es \u00fanico y por eso confiamos en que los clientes seguir\u00e1n eligiendo Scania\u201d, afirma.<\/p>\n\n\n\n<h2 class=\"wp-block-heading\">ACAU, 20 a\u00f1os de trabajo conjunto<\/h2>\n\n\n\n<p>Jos\u00e9 Mar\u00eda Dur\u00e1n fue socio fundador de la Asociaci\u00f3n del Comercio Automotor del Uruguay (ACAU) y uno de los impulsores de su creaci\u00f3n. \u201cSiempre vimos el valor de trabajar unidos para mejorar el transporte en el pa\u00eds. ACAU ha sido un representante profesional y objetivo frente a organismos p\u00fablicos y privados, buscando soluciones conjuntas para el sector\u201d, se\u00f1ala Ant\u00fanez. En este 20\u00ba aniversario, la empresa reafirma su compromiso con la c\u00e1mara y con la colaboraci\u00f3n entre todos los actores del mercado.<\/p>\n\n\n\n<p><strong>Enlace a la Nota Original:<\/strong><\/p>\n\n\n\n<p><a href=\"https:\/\/www.elobservador.com.uy\/ediciones-especiales\/scania-y-jose-maria-duran-75-anos-alianza-y-liderazgo-n6013300\">Scania y Jos\u00e9 Mar\u00eda Dur\u00e1n: 75 a\u00f1os de alianza y liderazgo<\/a><\/p>\n","protected":false},"excerpt":{"rendered":"<p>Scania celebra su presencia por m\u00e1s de siete d\u00e9cadas en el mercado uruguayo de la mano de Jos\u00e9 Mar\u00eda Dur\u00e1n SA, impulsando un transporte profesional m\u00e1s eficiente y sostenible En 2025, la empresa uruguaya Jos\u00e9 Mar\u00eda Dur\u00e1n SA, con m\u00e1s de 115 a\u00f1os de trayectoria, y representante exclusivo de Scania en el pa\u00eds, celebra 75 [&hellip;]<\/p>\n","protected":false},"author":1,"featured_media":307,"comment_status":"open","ping_status":"open","sticky":false,"template":"","format":"standard","meta":{"footnotes":""},"categories":[8],"tags":[],"blocksy_meta":[],"_links":{"self":[{"href":"https:\/\/www.ale.com.do\/index.php\/wp-json\/wp\/v2\/posts\/305"}],"collection":[{"href":"https:\/\/www.ale.com.do\/index.php\/wp-json\/wp\/v2\/posts"}],"about":[{"href":"https:\/\/www.ale.com.do\/index.php\/wp-json\/wp\/v2\/types\/post"}],"author":[{"embeddable":true,"href":"https:\/\/www.ale.com.do\/index.php\/wp-json\/wp\/v2\/users\/1"}],"replies":[{"embeddable":true,"href":"https:\/\/www.ale.com.do\/index.php\/wp-json\/wp\/v2\/comments?post=305"}],"version-history":[{"count":2,"href":"https:\/\/www.ale.com.do\/index.php\/wp-json\/wp\/v2\/posts\/305\/revisions"}],"predecessor-version":[{"id":312,"href":"https:\/\/www.ale.com.do\/index.php\/wp-json\/wp\/v2\/posts\/305\/revisions\/312"}],"wp:featuredmedia":[{"embeddable":true,"href":"https:\/\/www.ale.com.do\/index.php\/wp-json\/wp\/v2\/media\/307"}],"wp:attachment":[{"href":"https:\/\/www.ale.com.do\/index.php\/wp-json\/wp\/v2\/media?parent=305"}],"wp:term":[{"taxonomy":"category","embeddable":true,"href":"https:\/\/www.ale.com.do\/index.php\/wp-json\/wp\/v2\/categories?post=305"},{"taxonomy":"post_tag","embeddable":true,"href":"https:\/\/www.ale.com.do\/index.php\/wp-json\/wp\/v2\/tags?post=305"}],"curies":[{"name":"wp","href":"https:\/\/api.w.org\/{rel}","templated":true}]}}