{"id":341,"date":"2025-12-04T01:44:00","date_gmt":"2025-12-04T05:44:00","guid":{"rendered":"https:\/\/www.ale.com.do\/?p=341"},"modified":"2025-12-04T02:17:42","modified_gmt":"2025-12-04T06:17:42","slug":"75-anos-de-scania-en-uruguay","status":"publish","type":"post","link":"https:\/\/www.ale.com.do\/index.php\/2025\/12\/04\/75-anos-de-scania-en-uruguay\/","title":{"rendered":"75 a\u00f1os de Scania en Uruguay"},"content":{"rendered":"\n<p><em>Quiero comenzar saludando especialmente a los representantes de Scania y dem\u00e1s personas que han llegado desde el exterior, a nuestros clientes, proveedores, colaboradores y amigos, provenientes de todos los rincones del pa\u00eds. Gracias por estar aqu\u00ed para compartir un momento que, sin duda, es emotivo e hist\u00f3rico.<\/em><\/p>\n\n\n\n<p><em>Celebrar los <strong>75 a\u00f1os de Scania en Uruguay<\/strong>, junto a una organizaci\u00f3n con <strong>115 a\u00f1os de trayectoria<\/strong>, es mucho m\u00e1s que festejar n\u00fameros. Es celebrar el compromiso y la confianza de una marca l\u00edder reconocida mundialmente con Uruguay y su actividad econ\u00f3mica, as\u00ed como la asociaci\u00f3n con la identidad y forma de ser y hacer que ha caracterizado a Jos\u00e9 Mar\u00eda Dur\u00e1n desde sus or\u00edgenes.<\/em><\/p>\n\n\n\n<p><em>Nuestra familia siempre ha visto a este pa\u00eds como una segunda casa: adem\u00e1s de las bellezas naturales, las delicias gastron\u00f3micas y la belleza y tranquilidad de sus ciudades, nos hemos encontrado con un sitio colmado de gente amable, servicial y sumamente profesional, que nos recibi\u00f3 y nos ha acompa\u00f1ado de forma extraordinaria desde el primer d\u00eda. Esa realidad nos ha convencido de que Uruguay es adem\u00e1s un mercado estrat\u00e9gico: s\u00f3lido, exigente, profesional y con una cultura de trabajo admirable. Y en ese contexto, el rol de <strong>Jos\u00e9 Mar\u00eda Dur\u00e1n S.A.<\/strong> y Scania ha sido fundamental. No s\u00f3lo por su presencia hist\u00f3rica, sino por la manera en que ha sabido evolucionar, adaptarse, profesionalizarse y construir una identidad que hoy es reconocida en toda la regi\u00f3n.<\/em><\/p>\n\n\n\n<p><em>Quisiera destacar especialmente el liderazgo de <strong>Federico<\/strong> y el trabajo y esfuerzo de todo el equipo que el h\u00e1bilmente lidera. Los resultados \u2014 en servicio profesional, en certificaciones internacionales de calidad, en gesti\u00f3n\u2014 no son casualidad sino causalidad y son fruto de un proyecto institucional con visi\u00f3n, con disciplina y, sobre todo, con un profundo respeto y dedicaci\u00f3n por los clientes, proveedores y por las maravillosas personas que forman parte de esta casa.<\/em><\/p>\n\n\n\n<p><em>En esta noche tan especial, se nos hace imposible no recordar con alta admiraci\u00f3n a quienes nos han precedido en esta larga historia y quien han hecho realidad que Jos\u00e9 Mar\u00eda Dur\u00e1n y Scania en Uruguay sean los que son hoy.&nbsp;<\/em><\/p>\n\n\n\n<p><em>En la historia de la empresa, han habido personas claves que con su visi\u00f3n, trabajo, integridad y su compromiso, marcaron un camino que sigue vigente y el que&nbsp; &#8211; con much\u00edsima responsabilidad y orgullo \u2013 nos hemos comprometidos continuar recorriendo.<\/em><\/p>\n\n\n<div style=\"padding:25.6% 0 0 0;position:relative;\"><iframe src=\"https:\/\/player.vimeo.com\/video\/1143328828?badge=0&amp;autopause=0&amp;player_id=0&amp;app_id=58479\" frameborder=\"0\" allow=\"autoplay; fullscreen; picture-in-picture; clipboard-write; encrypted-media; web-share\" referrerpolicy=\"strict-origin-when-cross-origin\" style=\"position:absolute;top:0;left:0;width:100%;height:100%;\" title=\"75 a\u00f1os de Scania en Uruguay\"><\/iframe><\/div>\n<p><script src=\"https:\/\/player.vimeo.com\/api\/player.js\"><\/script><\/p>\n","protected":false},"excerpt":{"rendered":"<p>Quiero comenzar saludando especialmente a los representantes de Scania y dem\u00e1s personas que han llegado desde el exterior, a nuestros clientes, proveedores, colaboradores y amigos, provenientes de todos los rincones del pa\u00eds. Gracias por estar aqu\u00ed para compartir un momento que, sin duda, es emotivo e hist\u00f3rico. Celebrar los 75 a\u00f1os de Scania en Uruguay, [&hellip;]<\/p>\n","protected":false},"author":1,"featured_media":343,"comment_status":"open","ping_status":"open","sticky":false,"template":"","format":"standard","meta":{"footnotes":""},"categories":[8],"tags":[],"blocksy_meta":[],"_links":{"self":[{"href":"https:\/\/www.ale.com.do\/index.php\/wp-json\/wp\/v2\/posts\/341"}],"collection":[{"href":"https:\/\/www.ale.com.do\/index.php\/wp-json\/wp\/v2\/posts"}],"about":[{"href":"https:\/\/www.ale.com.do\/index.php\/wp-json\/wp\/v2\/types\/post"}],"author":[{"embeddable":true,"href":"https:\/\/www.ale.com.do\/index.php\/wp-json\/wp\/v2\/users\/1"}],"replies":[{"embeddable":true,"href":"https:\/\/www.ale.com.do\/index.php\/wp-json\/wp\/v2\/comments?post=341"}],"version-history":[{"count":6,"href":"https:\/\/www.ale.com.do\/index.php\/wp-json\/wp\/v2\/posts\/341\/revisions"}],"predecessor-version":[{"id":351,"href":"https:\/\/www.ale.com.do\/index.php\/wp-json\/wp\/v2\/posts\/341\/revisions\/351"}],"wp:featuredmedia":[{"embeddable":true,"href":"https:\/\/www.ale.com.do\/index.php\/wp-json\/wp\/v2\/media\/343"}],"wp:attachment":[{"href":"https:\/\/www.ale.com.do\/index.php\/wp-json\/wp\/v2\/media?parent=341"}],"wp:term":[{"taxonomy":"category","embeddable":true,"href":"https:\/\/www.ale.com.do\/index.php\/wp-json\/wp\/v2\/categories?post=341"},{"taxonomy":"post_tag","embeddable":true,"href":"https:\/\/www.ale.com.do\/index.php\/wp-json\/wp\/v2\/tags?post=341"}],"curies":[{"name":"wp","href":"https:\/\/api.w.org\/{rel}","templated":true}]}}